{"id":22176,"date":"2023-08-10T12:24:03","date_gmt":"2023-08-10T11:24:03","guid":{"rendered":"http:\/\/caminhoscarmelitas.com\/?p=22176"},"modified":"2023-08-10T12:24:03","modified_gmt":"2023-08-10T11:24:03","slug":"d-rui-valerio-novo-patriarca-de-lisboa","status":"publish","type":"post","link":"https:\/\/caminhoscarmelitas.com\/?p=22176","title":{"rendered":"D. Rui Val\u00e9rio, novo Patriarca de Lisboa"},"content":{"rendered":"<p style=\"text-align: center;\"><a href=\"https:\/\/caminhoscarmelitas.com\/wp-content\/uploads\/2023\/08\/AH1_4219.jpg\"><img loading=\"lazy\" decoding=\"async\" class=\"aligncenter  wp-image-22177\" src=\"https:\/\/caminhoscarmelitas.com\/wp-content\/uploads\/2023\/08\/AH1_4219-300x200.jpg\" alt=\"\" width=\"382\" height=\"254\" srcset=\"https:\/\/caminhoscarmelitas.com\/wp-content\/uploads\/2023\/08\/AH1_4219-300x200.jpg 300w, https:\/\/caminhoscarmelitas.com\/wp-content\/uploads\/2023\/08\/AH1_4219-768x512.jpg 768w, https:\/\/caminhoscarmelitas.com\/wp-content\/uploads\/2023\/08\/AH1_4219-1024x683.jpg 1024w, https:\/\/caminhoscarmelitas.com\/wp-content\/uploads\/2023\/08\/AH1_4219.jpg 1202w\" sizes=\"auto, (max-width: 382px) 100vw, 382px\" \/><\/a><\/p>\n<p>O Papa Francisco nomeou D. Rui Val\u00e9rio como novo Patriarca de Lisboa. A nomea\u00e7\u00e3o foi tornada p\u00fablica esta manh\u00e3, dia 10 de agosto, pela Sala de Imprensa da Santa S\u00e9.<\/p>\n<p>Bispo das For\u00e7as Armadas e das For\u00e7as de Seguran\u00e7a desde 2018, D. Rui Val\u00e9rio, de 58 anos, sucede a D. Manuel Clemente, tornando-se, assim, o 18.\u00ba Patriarca de Lisboa.<\/p>\n<p>D. Rui Val\u00e9rio vai tomar posse da diocese no dia 2 de setembro, s\u00e1bado, \u00e0s 11 horas, na S\u00e9 Patriarcal, diante do Cabido. A entrada solene tem lugar no dia seguinte, Domingo, dia 3 de setembro, \u00e0s 16 horas, na Igreja de Santa Maria de Bel\u00e9m (Jer\u00f3nimos).<\/p>\n","protected":false},"excerpt":{"rendered":"<p>O Papa Francisco nomeou D. Rui Val\u00e9rio como novo Patriarca de Lisboa. A nomea\u00e7\u00e3o foi tornada p\u00fablica esta manh\u00e3, dia 10 de agosto, pela Sala de Imprensa da Santa S\u00e9. Bispo das For\u00e7as Armadas e das For\u00e7as de Seguran\u00e7a desde 2018, D. Rui Val\u00e9rio, de 58 anos, sucede a D. Manuel Clemente, tornando-se, assim, o [&hellip;]<\/p>\n","protected":false},"author":2,"featured_media":0,"comment_status":"closed","ping_status":"open","sticky":false,"template":"","format":"standard","meta":{"footnotes":""},"categories":[1],"tags":[],"class_list":["post-22176","post","type-post","status-publish","format-standard","hentry","category-sem-categoria"],"post_mailing_queue_ids":[],"_links":{"self":[{"href":"https:\/\/caminhoscarmelitas.com\/index.php?rest_route=\/wp\/v2\/posts\/22176","targetHints":{"allow":["GET"]}}],"collection":[{"href":"https:\/\/caminhoscarmelitas.com\/index.php?rest_route=\/wp\/v2\/posts"}],"about":[{"href":"https:\/\/caminhoscarmelitas.com\/index.php?rest_route=\/wp\/v2\/types\/post"}],"author":[{"embeddable":true,"href":"https:\/\/caminhoscarmelitas.com\/index.php?rest_route=\/wp\/v2\/users\/2"}],"replies":[{"embeddable":true,"href":"https:\/\/caminhoscarmelitas.com\/index.php?rest_route=%2Fwp%2Fv2%2Fcomments&post=22176"}],"version-history":[{"count":1,"href":"https:\/\/caminhoscarmelitas.com\/index.php?rest_route=\/wp\/v2\/posts\/22176\/revisions"}],"predecessor-version":[{"id":22178,"href":"https:\/\/caminhoscarmelitas.com\/index.php?rest_route=\/wp\/v2\/posts\/22176\/revisions\/22178"}],"wp:attachment":[{"href":"https:\/\/caminhoscarmelitas.com\/index.php?rest_route=%2Fwp%2Fv2%2Fmedia&parent=22176"}],"wp:term":[{"taxonomy":"category","embeddable":true,"href":"https:\/\/caminhoscarmelitas.com\/index.php?rest_route=%2Fwp%2Fv2%2Fcategories&post=22176"},{"taxonomy":"post_tag","embeddable":true,"href":"https:\/\/caminhoscarmelitas.com\/index.php?rest_route=%2Fwp%2Fv2%2Ftags&post=22176"}],"curies":[{"name":"wp","href":"https:\/\/api.w.org\/{rel}","templated":true}]}}